{"id":82395,"date":"2025-09-23T14:55:45","date_gmt":"2025-09-23T14:55:45","guid":{"rendered":"https:\/\/carritech.com\/?p=82395"},"modified":"2025-09-23T14:57:07","modified_gmt":"2025-09-23T14:57:07","slug":"capacity-europe-2025","status":"publish","type":"post","link":"https:\/\/carritech.com\/fr\/capacity-europe-2025\/","title":{"rendered":"Carritech at Capacity Europe 2025 \u2013 Let\u2019s Connect in London"},"content":{"rendered":"<p>Carritech is pleased to announce that we will be attending <strong>Capacity Europe 2025<\/strong>, which takes place from <strong>Tuesday 21st October to Thursday 23rd October in London<\/strong>. As one of the largest and most influential events for the global connectivity industry, Capacity Europe brings together telecom operators, infrastructure providers, technology innovators, and thought leaders from across the world.<\/p>\n\n\n\n<p>For Carritech, this event is an important opportunity to engage with partners, customers, and industry peers, sharing how our expertise and solutions support telecom operators in extending the lifecycle of their networks and achieving long-term sustainability goals.<\/p>\n\n\n\n<h2 class=\"wp-block-heading\" id=\"h-what-is-capacity-europe\">What is Capacity Europe?<\/h2>\n\n\n\n<p>Capacity Europe is the continent\u2019s leading annual event for the global connectivity community. Each year, it attracts more than 3,000 senior-level executives from 1,000+ companies across 90+ countries. The event serves as a hub for discussions on digital infrastructure, data centres, cloud services, subsea and terrestrial networks, and the evolving role of telecom operators in a rapidly transforming market.<\/p>\n\n\n\n<p>Attendees can expect:<\/p>\n\n\n\n<ul class=\"wp-block-list\">\n<li>In-depth conference sessions from industry leaders and analysts<\/li>\n\n\n\n<li>Extensive networking opportunities with decision-makers and global partners<\/li>\n\n\n\n<li>Insights into the latest trends shaping the future of connectivity and telecoms<\/li>\n\n\n\n<li>A diverse international audience including carriers, vendors, data centre operators, and cloud providers<\/li>\n<\/ul>\n\n\n\n<p>For the telecoms industry, Capacity Europe is more than just a networking event \u2013 it\u2019s a platform for forging partnerships and shaping strategies for the years ahead.<\/p>\n\n\n\n<h2 class=\"wp-block-heading\" id=\"h-carritech-at-capacity-europe-2025\">Carritech at Capacity Europe 2025<\/h2>\n\n\n\n<p>At Carritech, we specialise in providing comprehensive solutions that help telecom operators and service providers maximise the value of their networks. Our services include:<\/p>\n\n\n\n<ul class=\"wp-block-list\">\n<li><strong>Multi-vendor telecom equipment supply<\/strong> \u2013 new and refurbished equipment from leading global manufacturers<\/li>\n\n\n\n<li><strong>Technical services<\/strong> \u2013 repair, testing, and refurbishment to keep networks performing at their best<\/li>\n\n\n\n<li><strong>Lifecycle management<\/strong> \u2013 ensuring that telecom infrastructure remains cost-effective, reliable, and efficient<\/li>\n\n\n\n<li><strong>Sustainability initiatives<\/strong> \u2013 helping operators meet environmental commitments by reusing and extending the life of network equipment<\/li>\n<\/ul>\n\n\n\n<p>Capacity Europe provides the perfect stage to showcase how Carritech supports telecom operators around the world in achieving operational efficiency and sustainability.<\/p>\n\n\n\n<h2 class=\"wp-block-heading\" id=\"h-meet-our-business-development-manager-shane-driver\">Meet Our Business Development Manager, Shane Driver<\/h2>\n\n\n\n<p>We are delighted that <strong>Shane Driver, Business Development Manager at Carritech<\/strong>, will be representing us at Capacity Europe 2025. Shane will be available throughout the event to meet with customers, partners, and anyone interested in learning more about Carritech\u2019s services.<\/p>\n\n\n\n<p>Whether you want to discuss equipment availability, technical services, or opportunities for collaboration, Shane will be on hand to share insights and explore how we can work together to support your network.<\/p>\n\n\n\n<h2 class=\"wp-block-heading\" id=\"h-arrange-a-meeting\">Arrange a Meeting<\/h2>\n\n\n\n<p>If you are attending Capacity Europe this year, we would love to connect. To arrange a meeting with Shane during the event, please get in touch in advance:<\/p>\n\n\n\n<p>\ud83d\udce7 <strong><a href=\"mailto:Shane.driver@carritech.com\">Shane.driver@carritech.com<\/a><\/strong><br>\ud83d\udcde <strong><a href=\"tel:+44 203 006 1179\">+44 203 006 1179<\/a><\/strong><\/p>\n\n\n\n<h2 class=\"wp-block-heading\" id=\"h-why-meet-with-carritech-at-capacity-europe\">Why Meet with Carritech at Capacity Europe?<\/h2>\n\n\n\n<p>By meeting with Shane, you will have the opportunity to:<\/p>\n\n\n\n<ul class=\"wp-block-list\">\n<li>Explore multi-vendor telecom equipment solutions across legacy and current technologies<\/li>\n\n\n\n<li>Learn how our lifecycle and support services extend the value of telecom networks<\/li>\n\n\n\n<li>Discover how sustainability initiatives can align with your environmental and business goals<\/li>\n\n\n\n<li>Build relationships with a trusted partner supporting telecom operators and service providers worldwide<\/li>\n<\/ul>\n\n\n\n<h2 class=\"wp-block-heading\" id=\"h-see-you-in-london\">See You in London<\/h2>\n\n\n\n<p>Capacity Europe 2025 promises to be one of the most significant connectivity events of the year, and Carritech is proud to be part of it. We look forward to connecting with you in London this October and exploring how we can work together to shape the future of telecom networks.<\/p>","protected":false},"excerpt":{"rendered":"<p>Carritech is pleased to announce that we will be attending Capacity Europe 2025, which takes place from Tuesday 21st October to Thursday 23rd October in London. As one of the largest and most influential events for the global connectivity industry, Capacity Europe brings together telecom operators, infrastructure providers, technology innovators, and thought leaders from across [&hellip;]<\/p>\n","protected":false},"author":1,"featured_media":82396,"comment_status":"closed","ping_status":"closed","sticky":false,"template":"","format":"standard","meta":{"_acf_changed":false,"footnotes":""},"categories":[20],"tags":[],"class_list":["post-82395","post","type-post","status-publish","format-standard","has-post-thumbnail","hentry","category-company-news"],"acf":[],"yoast_head":"<!-- This site is optimized with the Yoast SEO Premium plugin v27.4 (Yoast SEO v27.4) - https:\/\/yoast.com\/product\/yoast-seo-premium-wordpress\/ -->\n<title>Carritech at Capacity Europe 2025 \u2013 Let\u2019s Connect in London | Carritech<\/title>\n<meta name=\"robots\" content=\"index, follow, max-snippet:-1, max-image-preview:large, max-video-preview:-1\" \/>\n<link rel=\"canonical\" href=\"https:\/\/carritech.com\/fr\/capacity-europe-2025\/\" \/>\n<meta property=\"og:locale\" content=\"fr_FR\" \/>\n<meta property=\"og:type\" content=\"article\" \/>\n<meta property=\"og:title\" content=\"Carritech at Capacity Europe 2025 \u2013 Let\u2019s Connect in London\" \/>\n<meta property=\"og:description\" content=\"Carritech is pleased to announce that we will be attending Capacity Europe 2025, which takes place from Tuesday 21st October to Thursday 23rd October in London. As one of the largest and most influential events for the global connectivity industry, Capacity Europe brings together telecom operators, infrastructure providers, technology innovators, and thought leaders from across [&hellip;]\" \/>\n<meta property=\"og:url\" content=\"https:\/\/carritech.com\/fr\/capacity-europe-2025\/\" \/>\n<meta property=\"og:site_name\" content=\"Carritech\" \/>\n<meta property=\"article:publisher\" content=\"https:\/\/www.facebook.com\/Carritech-271429599884265\/\" \/>\n<meta property=\"article:published_time\" content=\"2025-09-23T14:55:45+00:00\" \/>\n<meta property=\"article:modified_time\" content=\"2025-09-23T14:57:07+00:00\" \/>\n<meta property=\"og:image\" content=\"https:\/\/carritech.com\/wp-content\/uploads\/2025\/09\/capacity-europe-2025.jpg\" \/>\n\t<meta property=\"og:image:width\" content=\"1200\" \/>\n\t<meta property=\"og:image:height\" content=\"800\" \/>\n\t<meta property=\"og:image:type\" content=\"image\/jpeg\" \/>\n<meta name=\"author\" content=\"admin\" \/>\n<meta name=\"twitter:card\" content=\"summary_large_image\" \/>\n<meta name=\"twitter:label1\" content=\"\u00c9crit par\" \/>\n\t<meta name=\"twitter:data1\" content=\"admin\" \/>\n\t<meta name=\"twitter:label2\" content=\"Dur\u00e9e de lecture estim\u00e9e\" \/>\n\t<meta name=\"twitter:data2\" content=\"3 minutes\" \/>\n<script type=\"application\/ld+json\" class=\"yoast-schema-graph\">{\"@context\":\"https:\\\/\\\/schema.org\",\"@graph\":[{\"@type\":\"Article\",\"@id\":\"https:\\\/\\\/carritech.com\\\/capacity-europe-2025\\\/#article\",\"isPartOf\":{\"@id\":\"https:\\\/\\\/carritech.com\\\/capacity-europe-2025\\\/\"},\"author\":{\"name\":\"admin\",\"@id\":\"https:\\\/\\\/carritech.com\\\/#\\\/schema\\\/person\\\/45bc5c43dd98de3ca1be7a8b1e85c36b\"},\"headline\":\"Carritech at Capacity Europe 2025 \u2013 Let\u2019s Connect in London\",\"datePublished\":\"2025-09-23T14:55:45+00:00\",\"dateModified\":\"2025-09-23T14:57:07+00:00\",\"mainEntityOfPage\":{\"@id\":\"https:\\\/\\\/carritech.com\\\/capacity-europe-2025\\\/\"},\"wordCount\":568,\"publisher\":{\"@id\":\"https:\\\/\\\/carritech.com\\\/#organization\"},\"image\":{\"@id\":\"https:\\\/\\\/carritech.com\\\/capacity-europe-2025\\\/#primaryimage\"},\"thumbnailUrl\":\"https:\\\/\\\/carritech.com\\\/wp-content\\\/uploads\\\/2025\\\/09\\\/capacity-europe-2025.jpg\",\"articleSection\":[\"Company News\"],\"inLanguage\":\"fr-FR\"},{\"@type\":\"WebPage\",\"@id\":\"https:\\\/\\\/carritech.com\\\/capacity-europe-2025\\\/\",\"url\":\"https:\\\/\\\/carritech.com\\\/capacity-europe-2025\\\/\",\"name\":\"Carritech at Capacity Europe 2025 \u2013 Let\u2019s Connect in London | Carritech\",\"isPartOf\":{\"@id\":\"https:\\\/\\\/carritech.com\\\/#website\"},\"primaryImageOfPage\":{\"@id\":\"https:\\\/\\\/carritech.com\\\/capacity-europe-2025\\\/#primaryimage\"},\"image\":{\"@id\":\"https:\\\/\\\/carritech.com\\\/capacity-europe-2025\\\/#primaryimage\"},\"thumbnailUrl\":\"https:\\\/\\\/carritech.com\\\/wp-content\\\/uploads\\\/2025\\\/09\\\/capacity-europe-2025.jpg\",\"datePublished\":\"2025-09-23T14:55:45+00:00\",\"dateModified\":\"2025-09-23T14:57:07+00:00\",\"breadcrumb\":{\"@id\":\"https:\\\/\\\/carritech.com\\\/capacity-europe-2025\\\/#breadcrumb\"},\"inLanguage\":\"fr-FR\",\"potentialAction\":[{\"@type\":\"ReadAction\",\"target\":[\"https:\\\/\\\/carritech.com\\\/capacity-europe-2025\\\/\"]}]},{\"@type\":\"ImageObject\",\"inLanguage\":\"fr-FR\",\"@id\":\"https:\\\/\\\/carritech.com\\\/capacity-europe-2025\\\/#primaryimage\",\"url\":\"https:\\\/\\\/carritech.com\\\/wp-content\\\/uploads\\\/2025\\\/09\\\/capacity-europe-2025.jpg\",\"contentUrl\":\"https:\\\/\\\/carritech.com\\\/wp-content\\\/uploads\\\/2025\\\/09\\\/capacity-europe-2025.jpg\",\"width\":1200,\"height\":800,\"caption\":\"capacity-europe-2025\"},{\"@type\":\"BreadcrumbList\",\"@id\":\"https:\\\/\\\/carritech.com\\\/capacity-europe-2025\\\/#breadcrumb\",\"itemListElement\":[{\"@type\":\"ListItem\",\"position\":1,\"name\":\"Home\",\"item\":\"https:\\\/\\\/carritech.com\\\/\"},{\"@type\":\"ListItem\",\"position\":2,\"name\":\"Carritech at Capacity Europe 2025 \u2013 Let\u2019s Connect in London\"}]},{\"@type\":\"WebSite\",\"@id\":\"https:\\\/\\\/carritech.com\\\/#website\",\"url\":\"https:\\\/\\\/carritech.com\\\/\",\"name\":\"Carritech Telecommunications\",\"description\":\"A sustainable support solution for your telecoms network\",\"publisher\":{\"@id\":\"https:\\\/\\\/carritech.com\\\/#organization\"},\"alternateName\":\"Carritech\",\"potentialAction\":[{\"@type\":\"SearchAction\",\"target\":{\"@type\":\"EntryPoint\",\"urlTemplate\":\"https:\\\/\\\/carritech.com\\\/?s={search_term_string}\"},\"query-input\":{\"@type\":\"PropertyValueSpecification\",\"valueRequired\":true,\"valueName\":\"search_term_string\"}}],\"inLanguage\":\"fr-FR\"},{\"@type\":\"Organization\",\"@id\":\"https:\\\/\\\/carritech.com\\\/#organization\",\"name\":\"Carritech\",\"url\":\"https:\\\/\\\/carritech.com\\\/\",\"logo\":{\"@type\":\"ImageObject\",\"inLanguage\":\"fr-FR\",\"@id\":\"https:\\\/\\\/carritech.com\\\/#\\\/schema\\\/logo\\\/image\\\/\",\"url\":\"https:\\\/\\\/carritech.com\\\/wp-content\\\/uploads\\\/2023\\\/01\\\/Carritech-Logo-without-sub-header.png\",\"contentUrl\":\"https:\\\/\\\/carritech.com\\\/wp-content\\\/uploads\\\/2023\\\/01\\\/Carritech-Logo-without-sub-header.png\",\"width\":2628,\"height\":874,\"caption\":\"Carritech\"},\"image\":{\"@id\":\"https:\\\/\\\/carritech.com\\\/#\\\/schema\\\/logo\\\/image\\\/\"},\"sameAs\":[\"https:\\\/\\\/www.facebook.com\\\/Carritech-271429599884265\\\/\",\"https:\\\/\\\/www.linkedin.com\\\/company\\\/1678487\\\/\"]},{\"@type\":\"Person\",\"@id\":\"https:\\\/\\\/carritech.com\\\/#\\\/schema\\\/person\\\/45bc5c43dd98de3ca1be7a8b1e85c36b\",\"name\":\"admin\",\"image\":{\"@type\":\"ImageObject\",\"inLanguage\":\"fr-FR\",\"@id\":\"https:\\\/\\\/secure.gravatar.com\\\/avatar\\\/1ab96350f6268bdc63743a0e3954a16bbe6c9e815fe11a0cde9e8ae7591816b5?s=96&d=mm&r=g\",\"url\":\"https:\\\/\\\/secure.gravatar.com\\\/avatar\\\/1ab96350f6268bdc63743a0e3954a16bbe6c9e815fe11a0cde9e8ae7591816b5?s=96&d=mm&r=g\",\"contentUrl\":\"https:\\\/\\\/secure.gravatar.com\\\/avatar\\\/1ab96350f6268bdc63743a0e3954a16bbe6c9e815fe11a0cde9e8ae7591816b5?s=96&d=mm&r=g\",\"caption\":\"admin\"},\"sameAs\":[\"https:\\\/\\\/www.carritech.com\"],\"url\":\"https:\\\/\\\/carritech.com\\\/fr\\\/author\\\/youbiquity\\\/\"}]}<\/script>\n<!-- \/ Yoast SEO Premium plugin. -->","yoast_head_json":{"title":"Carritech at Capacity Europe 2025 \u2013 Let\u2019s Connect in London | Carritech","robots":{"index":"index","follow":"follow","max-snippet":"max-snippet:-1","max-image-preview":"max-image-preview:large","max-video-preview":"max-video-preview:-1"},"canonical":"https:\/\/carritech.com\/fr\/capacity-europe-2025\/","og_locale":"fr_FR","og_type":"article","og_title":"Carritech at Capacity Europe 2025 \u2013 Let\u2019s Connect in London","og_description":"Carritech is pleased to announce that we will be attending Capacity Europe 2025, which takes place from Tuesday 21st October to Thursday 23rd October in London. As one of the largest and most influential events for the global connectivity industry, Capacity Europe brings together telecom operators, infrastructure providers, technology innovators, and thought leaders from across [&hellip;]","og_url":"https:\/\/carritech.com\/fr\/capacity-europe-2025\/","og_site_name":"Carritech","article_publisher":"https:\/\/www.facebook.com\/Carritech-271429599884265\/","article_published_time":"2025-09-23T14:55:45+00:00","article_modified_time":"2025-09-23T14:57:07+00:00","og_image":[{"width":1200,"height":800,"url":"https:\/\/carritech.com\/wp-content\/uploads\/2025\/09\/capacity-europe-2025.jpg","type":"image\/jpeg"}],"author":"admin","twitter_card":"summary_large_image","twitter_misc":{"\u00c9crit par":"admin","Dur\u00e9e de lecture estim\u00e9e":"3 minutes"},"schema":{"@context":"https:\/\/schema.org","@graph":[{"@type":"Article","@id":"https:\/\/carritech.com\/capacity-europe-2025\/#article","isPartOf":{"@id":"https:\/\/carritech.com\/capacity-europe-2025\/"},"author":{"name":"admin","@id":"https:\/\/carritech.com\/#\/schema\/person\/45bc5c43dd98de3ca1be7a8b1e85c36b"},"headline":"Carritech at Capacity Europe 2025 \u2013 Let\u2019s Connect in London","datePublished":"2025-09-23T14:55:45+00:00","dateModified":"2025-09-23T14:57:07+00:00","mainEntityOfPage":{"@id":"https:\/\/carritech.com\/capacity-europe-2025\/"},"wordCount":568,"publisher":{"@id":"https:\/\/carritech.com\/#organization"},"image":{"@id":"https:\/\/carritech.com\/capacity-europe-2025\/#primaryimage"},"thumbnailUrl":"https:\/\/carritech.com\/wp-content\/uploads\/2025\/09\/capacity-europe-2025.jpg","articleSection":["Company News"],"inLanguage":"fr-FR"},{"@type":"WebPage","@id":"https:\/\/carritech.com\/capacity-europe-2025\/","url":"https:\/\/carritech.com\/capacity-europe-2025\/","name":"Carritech at Capacity Europe 2025 \u2013 Let\u2019s Connect in London | Carritech","isPartOf":{"@id":"https:\/\/carritech.com\/#website"},"primaryImageOfPage":{"@id":"https:\/\/carritech.com\/capacity-europe-2025\/#primaryimage"},"image":{"@id":"https:\/\/carritech.com\/capacity-europe-2025\/#primaryimage"},"thumbnailUrl":"https:\/\/carritech.com\/wp-content\/uploads\/2025\/09\/capacity-europe-2025.jpg","datePublished":"2025-09-23T14:55:45+00:00","dateModified":"2025-09-23T14:57:07+00:00","breadcrumb":{"@id":"https:\/\/carritech.com\/capacity-europe-2025\/#breadcrumb"},"inLanguage":"fr-FR","potentialAction":[{"@type":"ReadAction","target":["https:\/\/carritech.com\/capacity-europe-2025\/"]}]},{"@type":"ImageObject","inLanguage":"fr-FR","@id":"https:\/\/carritech.com\/capacity-europe-2025\/#primaryimage","url":"https:\/\/carritech.com\/wp-content\/uploads\/2025\/09\/capacity-europe-2025.jpg","contentUrl":"https:\/\/carritech.com\/wp-content\/uploads\/2025\/09\/capacity-europe-2025.jpg","width":1200,"height":800,"caption":"capacity-europe-2025"},{"@type":"BreadcrumbList","@id":"https:\/\/carritech.com\/capacity-europe-2025\/#breadcrumb","itemListElement":[{"@type":"ListItem","position":1,"name":"Home","item":"https:\/\/carritech.com\/"},{"@type":"ListItem","position":2,"name":"Carritech at Capacity Europe 2025 \u2013 Let\u2019s Connect in London"}]},{"@type":"WebSite","@id":"https:\/\/carritech.com\/#website","url":"https:\/\/carritech.com\/","name":"Carritech Telecommunications","description":"Une solution de support durable pour votre r\u00e9seau de t\u00e9l\u00e9communications","publisher":{"@id":"https:\/\/carritech.com\/#organization"},"alternateName":"Carritech","potentialAction":[{"@type":"SearchAction","target":{"@type":"EntryPoint","urlTemplate":"https:\/\/carritech.com\/?s={search_term_string}"},"query-input":{"@type":"PropertyValueSpecification","valueRequired":true,"valueName":"search_term_string"}}],"inLanguage":"fr-FR"},{"@type":"Organization","@id":"https:\/\/carritech.com\/#organization","name":"Carritech","url":"https:\/\/carritech.com\/","logo":{"@type":"ImageObject","inLanguage":"fr-FR","@id":"https:\/\/carritech.com\/#\/schema\/logo\/image\/","url":"https:\/\/carritech.com\/wp-content\/uploads\/2023\/01\/Carritech-Logo-without-sub-header.png","contentUrl":"https:\/\/carritech.com\/wp-content\/uploads\/2023\/01\/Carritech-Logo-without-sub-header.png","width":2628,"height":874,"caption":"Carritech"},"image":{"@id":"https:\/\/carritech.com\/#\/schema\/logo\/image\/"},"sameAs":["https:\/\/www.facebook.com\/Carritech-271429599884265\/","https:\/\/www.linkedin.com\/company\/1678487\/"]},{"@type":"Person","@id":"https:\/\/carritech.com\/#\/schema\/person\/45bc5c43dd98de3ca1be7a8b1e85c36b","name":"admin","image":{"@type":"ImageObject","inLanguage":"fr-FR","@id":"https:\/\/secure.gravatar.com\/avatar\/1ab96350f6268bdc63743a0e3954a16bbe6c9e815fe11a0cde9e8ae7591816b5?s=96&d=mm&r=g","url":"https:\/\/secure.gravatar.com\/avatar\/1ab96350f6268bdc63743a0e3954a16bbe6c9e815fe11a0cde9e8ae7591816b5?s=96&d=mm&r=g","contentUrl":"https:\/\/secure.gravatar.com\/avatar\/1ab96350f6268bdc63743a0e3954a16bbe6c9e815fe11a0cde9e8ae7591816b5?s=96&d=mm&r=g","caption":"admin"},"sameAs":["https:\/\/www.carritech.com"],"url":"https:\/\/carritech.com\/fr\/author\/youbiquity\/"}]}},"_links":{"self":[{"href":"https:\/\/carritech.com\/fr\/wp-json\/wp\/v2\/posts\/82395","targetHints":{"allow":["GET"]}}],"collection":[{"href":"https:\/\/carritech.com\/fr\/wp-json\/wp\/v2\/posts"}],"about":[{"href":"https:\/\/carritech.com\/fr\/wp-json\/wp\/v2\/types\/post"}],"author":[{"embeddable":true,"href":"https:\/\/carritech.com\/fr\/wp-json\/wp\/v2\/users\/1"}],"replies":[{"embeddable":true,"href":"https:\/\/carritech.com\/fr\/wp-json\/wp\/v2\/comments?post=82395"}],"version-history":[{"count":3,"href":"https:\/\/carritech.com\/fr\/wp-json\/wp\/v2\/posts\/82395\/revisions"}],"predecessor-version":[{"id":82399,"href":"https:\/\/carritech.com\/fr\/wp-json\/wp\/v2\/posts\/82395\/revisions\/82399"}],"wp:featuredmedia":[{"embeddable":true,"href":"https:\/\/carritech.com\/fr\/wp-json\/wp\/v2\/media\/82396"}],"wp:attachment":[{"href":"https:\/\/carritech.com\/fr\/wp-json\/wp\/v2\/media?parent=82395"}],"wp:term":[{"taxonomy":"category","embeddable":true,"href":"https:\/\/carritech.com\/fr\/wp-json\/wp\/v2\/categories?post=82395"},{"taxonomy":"post_tag","embeddable":true,"href":"https:\/\/carritech.com\/fr\/wp-json\/wp\/v2\/tags?post=82395"}],"curies":[{"name":"wp","href":"https:\/\/api.w.org\/{rel}","templated":true}]}}